{"id":744,"date":"2024-12-17T01:00:00","date_gmt":"2024-12-17T01:00:00","guid":{"rendered":"https:\/\/www.xn--advnx-ira.de\/wp\/?p=744"},"modified":"2024-12-21T13:04:30","modified_gmt":"2024-12-21T13:04:30","slug":"17-dezember-schlafendes-selbstbewusstsein","status":"publish","type":"post","link":"https:\/\/www.xn--advnx-ira.de\/wp\/?p=744","title":{"rendered":"17. Dezember &#8211; Schlafendes Selbstbewusstsein"},"content":{"rendered":"\n<p>Eine Woge der Verzweiflung breitet sich in mir aus.<\/p>\n\n\n\n<p>Ich f\u00fchle mich gefangen, komme nicht aus mir heraus.<\/p>\n\n\n\n<p>Ich stecke fest<\/p>\n\n\n\n<p>Tief in meiner Seele<\/p>\n\n\n\n<p>Wie festgefroren <\/p>\n\n\n\n<p>unf\u00e4hig zu kommunizieren.<\/p>\n\n\n\n<p>Menschen umgeben mich<\/p>\n\n\n\n<p>aber sehen durch mich hindurch.<\/p>\n\n\n\n<p>W\u00e4hrend sie immer lauter lachen<\/p>\n\n\n\n<p>werde ich immer kleiner, leiser<\/p>\n\n\n\n<p>bis ich drohe, ganz in mir zu verschwinden.<\/p>\n\n\n\n<p>Ich f\u00fchle mich ausgeschlossen,<\/p>\n\n\n\n<p>obwohl ich wei\u00df, dass ich selbst daf\u00fcr verantwortlich bin.<\/p>\n\n\n\n<p>&#8230;<\/p>\n\n\n\n<p>oder vielleicht ist es einfach die Situation<\/p>\n\n\n\n<p>&#8230;<\/p>\n\n\n\n<p>oder die Menschen, mit anderer Energie, als ich es gerade brauche.<\/p>\n\n\n\n<p>&#8230;<\/p>\n\n\n\n<p>Ich versetze mich in meine Au\u00dfenwirkung.<\/p>\n\n\n\n<p>Wie mag ich jetzt wohl auf sie wirken?<\/p>\n\n\n\n<p>Sch\u00fcchtern?<\/p>\n\n\n\n<p>Verklemmt?<\/p>\n\n\n\n<p>Uninteressant?<\/p>\n\n\n\n<p>Gar langweilig?<\/p>\n\n\n\n<p>Harte Urteile <\/p>\n\n\n\n<p>in die ich mich gedr\u00e4ngt f\u00fchle.<\/p>\n\n\n\n<p>Wenn die nur w\u00fcssten,<\/p>\n\n\n\n<p>was eigentlich in mir vorgeht,<\/p>\n\n\n\n<p>wozu ich f\u00e4hig bin,<\/p>\n\n\n\n<p>wer ich bin,<\/p>\n\n\n\n<p>&#8230;w\u00e4re ich in einer anderen Situation.<\/p>\n\n\n\n<p>Ausfl\u00fcchte?<\/p>\n\n\n\n<p>es nicht jetzt unter Beweis stellen zu m\u00fcssen?!<\/p>\n\n\n\n<p>Vielleicht&#8230;<\/p>\n\n\n\n<p>r\u00e4ume ich ein,<\/p>\n\n\n\n<p>aber ich glaube an mich,<\/p>\n\n\n\n<p>auch wenn es sonst keiner tut, &#8211;<\/p>\n\n\n\n<p>sage ich mir und n\u00e4hre genau damit meine Zweifel.<\/p>\n\n\n\n<p>Ab hier schie\u00dfen meine Gedanken kreuz und quer<\/p>\n\n\n\n<p>kommen zu keinem klaren Ergebnis mehr<\/p>\n\n\n\n<p>Emotionen \u00fcberkochen <\/p>\n\n\n\n<p>und mir wird Schwarz vor Augen.<\/p>\n\n\n\n<p>&#8222;Ich w\u00fcrde gerne schamlos und angstfrei mit egal welchem Menschen agieren k\u00f6nnen!&#8220;<\/p>\n\n\n\n<p>T\u00f6nt die Stimme meiner ehemaligen Mitbewohnerin in meinen Ohren!<\/p>\n\n\n\n<p>das will ich auch.<\/p>\n\n\n\n<p>Mit den meisten klappt es ja ganz gut<\/p>\n\n\n\n<p>und mit denen es noch nicht klappt, hab ich den Konflikt noch nicht ausgetragen.<\/p>\n\n\n\n<p>Den Konflikt der uns von wahrer Begegnung abh\u00e4lt,<\/p>\n\n\n\n<p>uns hindert wahrhaftig und offen miteinander zu kommunizieren.<\/p>\n\n\n\n<p>&#8222;Conflict results out of the fear of rejection&#8220;<\/p>\n\n\n\n<p>h\u00f6re ich meinen Chef sagen.<\/p>\n\n\n\n<p>ja.<\/p>\n\n\n\n<p>ich habe Angst, dass sie mich nicht m\u00f6gen.<\/p>\n\n\n\n<p>Und daher verhalte ich mich so als w\u00fcrden sie mich nicht m\u00f6gen.<\/p>\n\n\n\n<p>Paradoxerweise m\u00f6gen sie mich wahrscheinlich genau daher nicht,<\/p>\n\n\n\n<p>weil ich ihre Reaktion ja schon von vornherein ausstrahle,<\/p>\n\n\n\n<p>zur\u00fcckhaltend, verklemmt, verschlossen bin.<\/p>\n\n\n\n<p>nicht den ersten Schritt mache, zu wenig Energie investiere<\/p>\n\n\n\n<p>und so ist es im Enddefekt eigentlich meine Schuld&#8230;<\/p>\n\n\n\n<p>Die Mauer die ich um mich baue<\/p>\n\n\n\n<p>um mein Innerstes zu sch\u00fctzen<\/p>\n\n\n\n<p>weil Intimit\u00e4t so furchteinfl\u00f6\u00dfend sein kann. <\/p>\n\n\n\n<p>und wahre Begegnung<\/p>\n\n\n\n<p>sich auf den Gegen\u00fcber einzulassen<\/p>\n\n\n\n<p>so gef\u00e4hrlich viel mit mir selbst zu tun hat.<\/p>\n\n\n\n<p>Reiche ich aus?<\/p>\n\n\n\n<p>Wenn das Selbstbewusstsein,<\/p>\n\n\n\n<p>das ich habe,<\/p>\n\n\n\n<p>in manchen Stunden auch mal ein Nickerchen macht<\/p>\n\n\n\n<p>und mich im Sturm der Emotionen alleine l\u00e4sst, <\/p>\n\n\n\n<p>dann muss ich k\u00e4mpfen<\/p>\n\n\n\n<p>und hoffen, dass mir jemand eine Hand reicht,<\/p>\n\n\n\n<p>mir aufhilft, <\/p>\n\n\n\n<p>und mich begleitet,<\/p>\n\n\n\n<p>bis mein Selbstbewusstsein vom Schlaf erholt mit voller Kraft wieder in Einsatz tritt.<\/p>\n\n\n\n<p>Denn ja, ich reiche aus<\/p>\n\n\n\n<p>und jeder, der jemandem ein anderes Gef\u00fchl vermittelt, sollte einmal reflektieren, welchen Schaden er damit im Gegen\u00fcber anrichtet!<\/p>\n\n\n\n<p>Ein offenes Auge f\u00fcr die vermeintlich Schw\u00e4cheren<\/p>\n\n\n\n<p>ein Herz und Mitgef\u00fchl f\u00fcr die, die vielleicht in manchen Situationen unf\u00e4higer wirken,<\/p>\n\n\n\n<p>auf Augenh\u00f6he kommunizieren und zuh\u00f6ren,<\/p>\n\n\n\n<p>um Menschen wieder Platz und Raum zum atmen zu geben <\/p>\n\n\n\n<p>in der Begegnung. <\/p>\n\n\n\n<p>Im Sein.<\/p>\n\n\n\n<p><\/p>\n\n\n\n<p><\/p>\n\n\n\n<p><\/p>\n\n\n\n<p><\/p>\n","protected":false},"excerpt":{"rendered":"<p>Wem begegnest du von oben herab?<\/p>\n","protected":false},"author":2,"featured_media":749,"comment_status":"open","ping_status":"open","sticky":false,"template":"","format":"standard","meta":{"footnotes":""},"categories":[9],"tags":[13],"class_list":["post-744","post","type-post","status-publish","format-standard","has-post-thumbnail","hentry","category-adventskalender","tag-adventskalender"],"_links":{"self":[{"href":"https:\/\/www.xn--advnx-ira.de\/wp\/index.php?rest_route=\/wp\/v2\/posts\/744","targetHints":{"allow":["GET"]}}],"collection":[{"href":"https:\/\/www.xn--advnx-ira.de\/wp\/index.php?rest_route=\/wp\/v2\/posts"}],"about":[{"href":"https:\/\/www.xn--advnx-ira.de\/wp\/index.php?rest_route=\/wp\/v2\/types\/post"}],"author":[{"embeddable":true,"href":"https:\/\/www.xn--advnx-ira.de\/wp\/index.php?rest_route=\/wp\/v2\/users\/2"}],"replies":[{"embeddable":true,"href":"https:\/\/www.xn--advnx-ira.de\/wp\/index.php?rest_route=%2Fwp%2Fv2%2Fcomments&post=744"}],"version-history":[{"count":8,"href":"https:\/\/www.xn--advnx-ira.de\/wp\/index.php?rest_route=\/wp\/v2\/posts\/744\/revisions"}],"predecessor-version":[{"id":850,"href":"https:\/\/www.xn--advnx-ira.de\/wp\/index.php?rest_route=\/wp\/v2\/posts\/744\/revisions\/850"}],"wp:featuredmedia":[{"embeddable":true,"href":"https:\/\/www.xn--advnx-ira.de\/wp\/index.php?rest_route=\/wp\/v2\/media\/749"}],"wp:attachment":[{"href":"https:\/\/www.xn--advnx-ira.de\/wp\/index.php?rest_route=%2Fwp%2Fv2%2Fmedia&parent=744"}],"wp:term":[{"taxonomy":"category","embeddable":true,"href":"https:\/\/www.xn--advnx-ira.de\/wp\/index.php?rest_route=%2Fwp%2Fv2%2Fcategories&post=744"},{"taxonomy":"post_tag","embeddable":true,"href":"https:\/\/www.xn--advnx-ira.de\/wp\/index.php?rest_route=%2Fwp%2Fv2%2Ftags&post=744"}],"curies":[{"name":"wp","href":"https:\/\/api.w.org\/{rel}","templated":true}]}}