{"id":725,"date":"2024-12-16T01:00:00","date_gmt":"2024-12-16T01:00:00","guid":{"rendered":"https:\/\/www.xn--advnx-ira.de\/wp\/?p=725"},"modified":"2024-12-21T13:04:45","modified_gmt":"2024-12-21T13:04:45","slug":"17-dezember-entscheidungen","status":"publish","type":"post","link":"https:\/\/www.xn--advnx-ira.de\/wp\/?p=725","title":{"rendered":"16. Dezember &#8211; Entscheidungen"},"content":{"rendered":"\n<p>Wie irre<\/p>\n\n\n\n<p>ich mich f\u00fchle <\/p>\n\n\n\n<p>denn es liegt<\/p>\n\n\n\n<p>ja alles in meiner Hand!<\/p>\n\n\n\n<p>Entscheidungen<\/p>\n\n\n\n<p>ich kann sie f\u00e4llen<\/p>\n\n\n\n<p>jede x beliebige<\/p>\n\n\n\n<p>sie alle stehen mir frei zur Verf\u00fcgung.<\/p>\n\n\n\n<p>Klar &#8211; ich muss mit den Konsequenzen klarkommen<\/p>\n\n\n\n<p>und das l\u00e4sst f\u00fcr manche die Freiheit tr\u00fcbe erscheinen<\/p>\n\n\n\n<p>aber f\u00fcr mich &#8211;<\/p>\n\n\n\n<p>in diesem Moment &#8211;<\/p>\n\n\n\n<p>strahlt die Zukunft!<\/p>\n\n\n\n<p>Leuchtend wie ein Stern, der alles zum Ergl\u00fchen bringt.<\/p>\n\n\n\n<p>Ich hab es in der Hand,<\/p>\n\n\n\n<p>sage ich mir immer und immer wieder,<\/p>\n\n\n\n<p>und diesmal lasse ich mich nicht von der Verantwortung einsch\u00fcchtern &#8211;<\/p>\n\n\n\n<p>anklagend dass ich keinen \u00dcberblick habe und mich niemand bei der Hand nimmt &#8211;<\/p>\n\n\n\n<p>verscheuche meine Zukunfts\u00e4ngste &#8211;<\/p>\n\n\n\n<p>und l\u00e4chele, &#8211; denn ja!<\/p>\n\n\n\n<p>es ist alles m\u00f6glich<\/p>\n\n\n\n<p>und jeder Schritt vollkommen in Ordnung.<\/p>\n\n\n\n<p>Es gibt nichts was ich erreichen muss!<\/p>\n\n\n\n<p>sondern nur viele Dinge, die ich erreichen kann.<\/p>\n\n\n\n<p>Diese Gedanken w\u00e4rmen mich<\/p>\n\n\n\n<p>auch wenn sie mir im n\u00e4chsten Moment <\/p>\n\n\n\n<p>schon wieder viel zu klein vorkommen&#8230;<\/p>\n\n\n\n<p>Nicht so viel nachdenken,<\/p>\n\n\n\n<p>murmelt eine leise Stimme in mir<\/p>\n\n\n\n<p>einfach ein Schritt nach dem anderen.<\/p>\n\n\n\n<p>Dinge genie\u00dfen<\/p>\n\n\n\n<p>statt zu verkopfen&#8230;<\/p>\n\n\n\n<p>. <\/p>\n\n\n\n<p>Alter!<\/p>\n\n\n\n<p>jetzt reicht es aber auch mal mit Ansagen, die mein Mindest lenken sollen.<\/p>\n\n\n\n<p>jetzt ist genug mit philosophischen Grundeinstellungen<\/p>\n\n\n\n<p>warum muss ich diese nur immer und immer wieder neu nach justieren?<\/p>\n\n\n\n<p>Warum sind sie nicht grundlegend in mir verankert?<\/p>\n\n\n\n<p>.<\/p>\n\n\n\n<p>Also gut,<\/p>\n\n\n\n<p>sag ich mir,<\/p>\n\n\n\n<p>es ist in Ordnung<\/p>\n\n\n\n<p>mich immer wieder zu hinterfragen<\/p>\n\n\n\n<p>und meine Denkrichtung um minimale Gradzahlen zu verschieben<\/p>\n\n\n\n<p>solange ich nicht zerbreche<\/p>\n\n\n\n<p>am Optimierungswahn<\/p>\n\n\n\n<p>und an der M\u00f6glichkeitenvielfalt.<\/p>\n\n\n\n<p>Be\u00e4ngstigen mich auch manche Entscheidungen<\/p>\n\n\n\n<p>und bin ich mir bei der Wahl der zur Beurteilung heranziehender Kriterien nicht immer im Klaren,<\/p>\n\n\n\n<p>so funktioniert mein innerer Kompass doch gut genug<\/p>\n\n\n\n<p>mich durch den Jungle der Wege zu leiten<\/p>\n\n\n\n<p>und meinen eigenen bescheidenen Trampelpfad zu finden &#8211;<\/p>\n\n\n\n<p>frei von der Meinung von anderen.<\/p>\n\n\n\n<p>Mag das Geb\u00fcsch auch manchmal dicht<\/p>\n\n\n\n<p>und die n\u00e4chste Abbiegung noch im Dunklen liegen<\/p>\n\n\n\n<p>so ist es doch immer das:<\/p>\n\n\n\n<p>mein spannender, selbstbestimmter Trampelpfad.<\/p>\n\n\n\n<p>Was soll schon passieren?<\/p>\n\n\n\n<p>Verpiss dich &#8211; du d\u00e4mliche Zukunftsangst<\/p>\n\n\n\n<p>und lass mich mutig leben<\/p>\n\n\n\n<p>im w\u00e4rmenden Bewusstsein<\/p>\n\n\n\n<p>Herrin \u00fcber meine Entscheidungen zu sein!<\/p>\n","protected":false},"excerpt":{"rendered":"<p>Vor welcher Entscheidung dr\u00fcckst du dich?<\/p>\n","protected":false},"author":2,"featured_media":745,"comment_status":"open","ping_status":"open","sticky":false,"template":"","format":"standard","meta":{"footnotes":""},"categories":[9],"tags":[13],"class_list":["post-725","post","type-post","status-publish","format-standard","has-post-thumbnail","hentry","category-adventskalender","tag-adventskalender"],"_links":{"self":[{"href":"https:\/\/www.xn--advnx-ira.de\/wp\/index.php?rest_route=\/wp\/v2\/posts\/725","targetHints":{"allow":["GET"]}}],"collection":[{"href":"https:\/\/www.xn--advnx-ira.de\/wp\/index.php?rest_route=\/wp\/v2\/posts"}],"about":[{"href":"https:\/\/www.xn--advnx-ira.de\/wp\/index.php?rest_route=\/wp\/v2\/types\/post"}],"author":[{"embeddable":true,"href":"https:\/\/www.xn--advnx-ira.de\/wp\/index.php?rest_route=\/wp\/v2\/users\/2"}],"replies":[{"embeddable":true,"href":"https:\/\/www.xn--advnx-ira.de\/wp\/index.php?rest_route=%2Fwp%2Fv2%2Fcomments&post=725"}],"version-history":[{"count":7,"href":"https:\/\/www.xn--advnx-ira.de\/wp\/index.php?rest_route=\/wp\/v2\/posts\/725\/revisions"}],"predecessor-version":[{"id":849,"href":"https:\/\/www.xn--advnx-ira.de\/wp\/index.php?rest_route=\/wp\/v2\/posts\/725\/revisions\/849"}],"wp:featuredmedia":[{"embeddable":true,"href":"https:\/\/www.xn--advnx-ira.de\/wp\/index.php?rest_route=\/wp\/v2\/media\/745"}],"wp:attachment":[{"href":"https:\/\/www.xn--advnx-ira.de\/wp\/index.php?rest_route=%2Fwp%2Fv2%2Fmedia&parent=725"}],"wp:term":[{"taxonomy":"category","embeddable":true,"href":"https:\/\/www.xn--advnx-ira.de\/wp\/index.php?rest_route=%2Fwp%2Fv2%2Fcategories&post=725"},{"taxonomy":"post_tag","embeddable":true,"href":"https:\/\/www.xn--advnx-ira.de\/wp\/index.php?rest_route=%2Fwp%2Fv2%2Ftags&post=725"}],"curies":[{"name":"wp","href":"https:\/\/api.w.org\/{rel}","templated":true}]}}